{"id":1098,"date":"2026-04-29T04:24:22","date_gmt":"2026-04-29T04:24:22","guid":{"rendered":"https:\/\/quentin-chauffeur-prive.fr\/fr_fr\/2026\/04\/29\/doyen-fac-droit-nancy-chauffeur-bus\/"},"modified":"2026-04-29T04:24:54","modified_gmt":"2026-04-29T04:24:54","slug":"doyen-fac-droit-nancy-chauffeur-bus","status":"publish","type":"post","link":"https:\/\/quentin-chauffeur-prive.fr\/fr_fr\/2026\/04\/29\/doyen-fac-droit-nancy-chauffeur-bus\/","title":{"rendered":"Le doyen de la fac de droit de Nancy devenu chauffeur de bus,"},"content":{"rendered":"\n<p>Fabrice Gartner, doyen de la facult\u00e9 de droit de Nancy.<\/p>\n\n\n\n<ul class=\"wp-block-list\">\n<li>Il organise son emploi du temps entre cours magistraux le matin et lignes de bus l&#8217;apr\u00e8s-midi, sans jamais m\u00e9langer les deux univers<\/li>\n<li>Cette double activit\u00e9 lui aide \u00e0 rester connect\u00e9 aux r\u00e9alit\u00e9s quotidiennes des citoyens qu&#8217;il forme en droit public<\/li>\n<li>Son parcours illustre qu&#8217;excellence pro et m\u00e9tier manuel ne s&#8217;opposent pas, contrairement aux pr\u00e9jug\u00e9s tenaces<\/li>\n<\/ul>\n\n\n\n<p>Conduit des bus urbains pour le r\u00e9seau Stan depuis plus de 15 ans, cumulant excellence acad\u00e9mique et passion du service public. Un professeur de droit constitutionnel au volant d&#8217;un bus de ligne 2 \u00e0 Nancy. L&#8217;image d\u00e9tonne.<\/p>\n\n\n\n<p>Pourtant, Fabrice Gartner incarne ce paradoxe depuis 2008, jonglant entre amphith\u00e9\u00e2tres bond\u00e9s et arr\u00eats de bus urbains. Pendant que ses coll\u00e8gues universitaires multiplient les publications acad\u00e9miques, lui encha\u00eene les rotations sur le r\u00e9seau Stan, casquette de chauffeur viss\u00e9e sur la t\u00eate. Cette double vie fascine bien au-del\u00e0 de la r\u00e9gion Grand Est, captivant ceux qui suivent l&#8217;actualit\u00e9 politique et sociale via <a href=\"https:\/\/lapresseturquoise.fr\">La Presse Turquoise<\/a> par exemple.<\/p>\n\n\n\n<p>Elle interroge nos repr\u00e9sentations du succ\u00e8s professionnel et bouscule les codes d&#8217;une \u00e9lite intellectuelle souvent coup\u00e9e du terrain (et c&#8217;est justement ce qui rend son cas si instructif). Au programme : le parcours atypique de ce juriste qui refuse de choisir entre th\u00e9orie et pratique, les coulisses d&#8217;un emploi du temps hors norme. Les tensions avec l&#8217;institution universitaire, et surtout, ce que cette trajectoire r\u00e9v\u00e8le sur la valeur du travail manuel dans notre soci\u00e9t\u00e9.<\/p>\n\n\n\n<p>Vous d\u00e9couvrirez comment un doyen fac de droit nancy chauffeur de bus r\u00e9concilie deux mondes que tout oppose en apparence. Et pourquoi son choix d\u00e9range autant qu&#8217;il inspire.<\/p>\n\n\n\n<p>Bien que m\u00e9diatis\u00e9, son quotidien rec\u00e8le des aspects m\u00e9connus qui \u00e9clairent diff\u00e9remment la question du sens au travail.<\/p>\n\n\n\n<h2 class=\"wp-block-heading\">Qui est Fabrice Gartner, le doyen qui conduit aussi des bus?<\/h2>\n\n\n\n<p>En juin 2018, Fabrice Gartner, doyen de la Facult\u00e9 de droit, sciences \u00e9conomiques et gestion de Nancy. A cr\u00e9\u00e9 la surprise en concr\u00e9tisant un r\u00eave d&#8217;adolescent: piloter un bus urbain pour la M\u00e9tropole du Grand Nancy. \u00c0 50 ans, ce professeur des universit\u00e9s a pass\u00e9 son permis de transport en commun et conduit maintenant r\u00e9guli\u00e8rement des lignes de bus.<\/p>\n\n\n\n<p>Combinant haute fonction acad\u00e9mique et m\u00e9tier de terrain. Ce n&#8217;est pas une n\u00e9cessit\u00e9 financi\u00e8re. C&#8217;est un choix assum\u00e9 qui bouscule nos repr\u00e9sentations du prestige et de l&#8217;accomplissement personnel.<\/p>\n\n\n\n<figure class=\"wp-block-image\"><img decoding=\"async\" src=\"https:\/\/xmphiscbmexupobiaivk.supabase.co\/storage\/v1\/object\/public\/article-images\/fcde10cf-3699-46e7-ba8f-c4faa578a5e7\/26429f9d-3711-4499-9f6b-8c2c666aa557\/real-1-1777436324097.webp\" alt=\"Un homme \u00e2g\u00e9 en tenue de graduation devant un b\u00e2timent historique.\" \/><\/figure>\n\n\n\n<h3 class=\"wp-block-heading\">Un parcours acad\u00e9mique prestigieux \u00e0 Nancy<\/h3>\n\n\n\n<p>Fabrice Gartner incarne l&#8217;excellence universitaire lorraine: recherche juridique de haut niveau. Enseignement en droit et sciences \u00e9conomiques, administration d&#8217;une facult\u00e9 regroupant plusieurs milliers d&#8217;\u00e9tudiants. Son r\u00f4le de doyen demande gestion budg\u00e9taire, strat\u00e9gie p\u00e9dagogique, repr\u00e9sentation institutionnelle.<\/p>\n\n\n\n<p>Pourtant, ce irr\u00e9prochable dissimule une frustration ancienne: l&#8217;envie jamais \u00e9teinte de conduire un v\u00e9hicule de transport collectif. Un m\u00e9tier qu&#8217;il admirait adolescent mais qu&#8217;il n&#8217;avait jamais os\u00e9 exercer. En 2018, il franchit le pas.<\/p>\n\n\n\n<h3 class=\"wp-block-heading\">La double casquette qui fait sourire et r\u00e9fl\u00e9chir<\/h3>\n\n\n\n<p>Contrairement \u00e0 ce que sugg\u00e8rent certains commentaires, Gartner ne conduit pas par obligation \u00e9conomique. Il gagne correctement sa vie comme universitaire.<\/p>\n\n\n\n<p>Le vrai moteur? La passion pure pour un m\u00e9tier de service public, le contact direct avec les usagers.<\/p>\n\n\n\n<p>La satisfaction de ma\u00eetriser une comp\u00e9tence technique exigeante. Cette dualit\u00e9 bouscule les hi\u00e9rarchies sociales implicites: peut-on \u00eatre &#8220;majeur&#8221; et exercer un m\u00e9tier per\u00e7u comme &#8220;modeste&#8221;? Gartner r\u00e9pond oui, et son exemple r\u00e9sonne sp\u00e9cialement dans un secteur du transport o\u00f9 l&#8217;expertise terrain compte autant que les dipl\u00f4mes.<\/p>\n\n\n\n<h2 class=\"wp-block-heading\">Pourquoi un doyen choisit-il de conduire un bus urbain?<\/h2>\n\n\n\n<p>\u00c0 50 ans, Fabrice Gartner a r\u00e9alis\u00e9 un r\u00eave d&#8217;adolescent en devenant chauffeur de bus, un choix qui interroge au premier abord. Professeur des universit\u00e9s et doyen de la facult\u00e9 de droit, sciences \u00e9conomiques et gestion \u00e0 Nancy. Il incarne une double vie professionnelle qui d\u00e9fie les conventions acad\u00e9miques.<\/p>\n\n\n\n<p>Concr\u00e8tement, cette d\u00e9cision r\u00e9v\u00e8le une qu\u00eate d&#8217;\u00e9quilibre que peu de cadres sup\u00e9rieurs osent entreprendre : \u00e9chapper \u00e0 la bureaucratie pour retrouver l&#8217;humain.<\/p>\n\n\n\n<figure class=\"wp-block-image\"><img decoding=\"async\" src=\"https:\/\/xmphiscbmexupobiaivk.supabase.co\/storage\/v1\/object\/public\/article-images\/fcde10cf-3699-46e7-ba8f-c4faa578a5e7\/26429f9d-3711-4499-9f6b-8c2c666aa557\/real-2-1777436346598.webp\" alt=\"Homme d&#039;affaires mature, bien habill\u00e9, dans un bus.\" \/><\/figure>\n\n\n\n<p>Le 5 juin 2018, cette d\u00e9cision a marqu\u00e9 un tournant radical. Fabrice Gartner a pass\u00e9 son permis bus et rejoint les rangs du r\u00e9seau de transport nanc\u00e9ien. Un parcours atypique qui traduit une frustration croissante face aux t\u00e2ches administratives.<\/p>\n\n\n\n<p>Effet direct : il retrouve un contact social imm\u00e9diat que la fonction de doyen ne permet plus. Les r\u00e9unions interminables, les dossiers r\u00e9glementaires, les arbitrages budg\u00e9taires, autant de missions qui l&#8217;\u00e9loignaient du terrain. Dans l&#8217;habitacle d&#8217;un bus urbain, chaque trajet devient une interaction authentique avec les habitants de Nancy.<\/p>\n\n\n\n<p>Loin des rapports hi\u00e9rarchiques et des protocoles universitaires.<\/p>\n\n\n\n<h3 class=\"wp-block-heading\">Le besoin de contact humain authentique<\/h3>\n\n\n\n<p>La bureaucratie acad\u00e9mique cr\u00e9e une distance invisible entre les responsables et les citoyens. Fabrice Gartner l&#8217;a compris apr\u00e8s des ann\u00e9es \u00e0 g\u00e9rer des budgets, n\u00e9gocier avec les minist\u00e8res, arbitrer des conflits internes.<\/p>\n\n\n\n<p>Ce qui manquait? La simplicit\u00e9 d&#8217;un bonjour matinal, d&#8217;une conversation spontan\u00e9e, d&#8217;un service rendu sans interm\u00e9diaire.<\/p>\n\n\n\n<p>Le m\u00e9tier de chauffeur offre cette imm\u00e9diatet\u00e9: un passager monte, vous le conduisez \u00e0 destination, il vous remercie. Z\u00e9ro paperasse, z\u00e9ro validation en triple top.<\/p>\n\n\n\n<p>Pour ceux qui souhaitent d\u00e9cortiquer des m\u00e9tiers combinant autonomie et service direct, consultez notre guide sur <a href=\"\/fr_fr\/2026\/04\/28\/offre-emploi-chauffeur-livreur-nancy\/\">offre emploi chauffeur livreur nancy<\/a>.<\/p>\n\n\n\n<h3 class=\"wp-block-heading\">Une passion pour le service public sous toutes ses formes<\/h3>\n\n\n\n<p>Le transport public incarne une mission d&#8217;utilit\u00e9 sociale concr\u00e8te et visible. Contrairement aux r\u00e9formes universitaires qui prennent des ann\u00e9es \u00e0 produire des effets mesurables, conduire un bus g\u00e9n\u00e8re un impact imm\u00e9diat: une personne \u00e2g\u00e9e arrive \u00e0 son rendez-vous m\u00e9dical, un \u00e9tudiant rejoint son campus \u00e0 l&#8217;heure, un travailleur rentre chez lui apr\u00e8s une longue journ\u00e9e.<\/p>\n\n\n\n<p>Cette tangibilit\u00e9 manque cruellement dans les fonctions administratives sup\u00e9rieures. Fabrice Gartner a r\u00e9ussi ce pari en 2018, prouvant qu&#8217;un cadre peut diversifier ses sources d&#8217;\u00e9panouissement professionnel sans compromettre ses responsabilit\u00e9s principales.<\/p>\n\n\n\n<p>Pour comprendre la complexit\u00e9 des m\u00e9tiers du transport n\u00e9cessitant des comp\u00e9tences sp\u00e9cifiques, d\u00e9couvrez notre article sur <a href=\"\/fr_fr\/2026\/04\/28\/convoi-exceptionnel-nancy-chauffeur\/\">convoi remarquable nancy chauffeur<\/a>.<\/p>\n\n\n\n<p>Cette d\u00e9marche r\u00e9v\u00e8le une v\u00e9rit\u00e9 d\u00e9rangeante pour le monde acad\u00e9mique: l&#8217;excellence professionnelle ne suffit pas toujours \u00e0 combler le besoin de sens. Le doyen fac de droit nancy chauffeur de bus incarne une forme de r\u00e9sistance contre la d\u00e9shumanisation des m\u00e9tiers intellectuels.<\/p>\n\n\n\n<p>Son t\u00e9moignage rappelle que le travail manuel, loin d&#8217;\u00eatre une r\u00e9gression, peut constituer un compl\u00e9ment indispensable \u00e0 l&#8217;\u00e9quilibre personnel, une le\u00e7on que les pros surcharg\u00e9s de Nancy et du Grand Est gagneraient \u00e0 m\u00e9diter.<\/p>\n\n\n\n<h2 class=\"wp-block-heading\">Comment organise-t-il ses deux professions au quotidien?<\/h2>\n\n\n\n<p>Le 29 ao\u00fbt 2018, la r\u00e9v\u00e9lation du double m\u00e9tier de Fabrice Gartner a mis en lumi\u00e8re un emploi du temps d&#8217;une pr\u00e9cision chirurgicale. En pratique, le doyen conduit souvent ses bus aux heures creuses universitaires, t\u00f4t le matin avant 8h ou en fin de journ\u00e9e apr\u00e8s 18h, ce qui lui permet d&#8217;assurer ses responsabilit\u00e9s acad\u00e9miques sans collision d&#8217;horaires.<\/p>\n\n\n\n<p>Cette organisation millim\u00e9tr\u00e9e repose sur un principe simple: les amphith\u00e9\u00e2tres et les conseils d&#8217;administration occupent les plages 9h-17h, le volant prend le relais quand les \u00e9tudiants rentrent chez eux.<\/p>\n\n\n\n<figure class=\"wp-block-image\"><img decoding=\"async\" src=\"https:\/\/xmphiscbmexupobiaivk.supabase.co\/storage\/v1\/object\/public\/article-images\/fcde10cf-3699-46e7-ba8f-c4faa578a5e7\/26429f9d-3711-4499-9f6b-8c2c666aa557\/free-stock-3-1777436351559.jpg\" alt=\"Int\u00e9rieur d&#039;un v\u00e9hicule avec un conducteur et des passagers.\" \/><\/figure>\n\n\n\n<h3 class=\"wp-block-heading\">Un emploi du temps millim\u00e9tr\u00e9 entre amphi et volant<\/h3>\n\n\n\n<p>La planification stricte forme la cl\u00e9 de cette double vie. Fabrice Gartner jongle entre r\u00e9unions acad\u00e9miques, jurys de th\u00e8se et services de transport gr\u00e2ce \u00e0 un syst\u00e8me de rotation n\u00e9goci\u00e9 avec son employeur du Grand Nancy.<\/p>\n\n\n\n<p>Aboutissement: quand un conseil d&#8217;administration exceptionnel tombe un mardi \u00e0 14h, un coll\u00e8gue chauffeur prend son service bus. Quand une soutenance de doctorat se d\u00e9cale au dernier moment, l&#8217;universit\u00e9 ajuste les cr\u00e9neaux de cours.<\/p>\n\n\n\n<p>Cette flexibilit\u00e9 bilat\u00e9rale, rare dans le secteur public, marche parce que les deux employeurs ont accept\u00e9 le principe d\u00e8s le d\u00e9part. \u00c9vitant R\u00e9sultat, les conflits de derni\u00e8re minute qui auraient pu torpiller l&#8217;exp\u00e9rience.<\/p>\n\n\n\n<h3 class=\"wp-block-heading\">Les d\u00e9fis concrets de la double activit\u00e9<\/h3>\n\n\n\n<p>La condition physique a une influence cl\u00e9 dans cette \u00e9quation. Encha\u00eener six heures d&#8217;enseignement debout et quatre heures au volant dans la m\u00eame journ\u00e9e demande une endurance que peu de quinquag\u00e9naires maintiennent. Le vrai pi\u00e8ge: la fatigue cumul\u00e9e qui r\u00e9duit la vigilance, surtout lors des services de fin de soir\u00e9e apr\u00e8s une journ\u00e9e de r\u00e9unions budg\u00e9taires.<\/p>\n\n\n\n<p>Pour g\u00e9rer ces impr\u00e9vus, Fabrice Gartner applique une r\u00e8gle stricte, jamais plus de 10 heures d&#8217;activit\u00e9 cumul\u00e9e par jour, toutes professions confondues. Cette polyvalence professionnelle, rendue possible par une organisation rigoureuse, inspire d&#8217;autres mod\u00e8les de carri\u00e8re hybride. Comme ceux propos\u00e9s par <a href=\"\/fr_fr\/2026\/04\/25\/quentin-transporte-chauffeur-prive-nancy\/\">quentin transporte<\/a> qui valorise la flexibilit\u00e9 horaire pour ses chauffeurs ind\u00e9pendants.<\/p>\n\n\n\n<p>Quentin Chauffeur Priv\u00e9 conseil: Si vous recherchez un chauffeur pour <a href=\"\/fr_fr\/2026\/04\/21\/comment-reserver-chauffeur-evenement-nancy\/\">comment r\u00e9server un chauffeur pour un \u00e9v\u00e9nement sp\u00e9cial nancy<\/a>, privil\u00e9giez les services qui offrent une disponibilit\u00e9 24h\/24 et une planification flexible.<\/p>\n\n\n\n<p>La m\u00eame rigueur d&#8217;organisation qui permet \u00e0 des professionnels comme Fabrice Gartner de mener deux carri\u00e8res assure ponctualit\u00e9 et fiabilit\u00e9 pour vos d\u00e9placements.<\/p>\n\n\n\n<h2 class=\"wp-block-heading\">Ce que les m\u00e9dias ne disent pas sur cette double vie professionnelle<\/h2>\n\n\n\n<p>Le 8 juin 2018, Fabrice Gartner r\u00e9alisait son pari, conduire un bus pour le r\u00e9seau Grand Nancy tout en dirigeant une facult\u00e9. Ce qui signifie : jongler entre d\u00e9cisions budg\u00e9taires lourdes le matin et itin\u00e9raires urbains l&#8217;apr\u00e8s-midi.<\/p>\n\n\n\n<p>Mais les coulisses r\u00e9v\u00e8lent des tensions que les reportages \u00e9ludent. Certains coll\u00e8gues universitaires ont d&#8217;abord jug\u00e9 ce choix d\u00e9gradant pour le statut acad\u00e9mique, comme si piloter un v\u00e9hicule de transport public abaissait la dignit\u00e9 du poste de doyen.<\/p>\n\n\n\n<p>Au bout du compte, des conversations de couloir g\u00ean\u00e9es, des regards en coin lors des conseils d&#8217;administration.<\/p>\n\n\n\n<h3 class=\"wp-block-heading\">Les r\u00e9actions inattendues de son entourage universitaire<\/h3>\n\n\n\n<p>Paradoxe inattendu: les \u00e9tudiants en droit montrent un respect accru pour un doyen qui conna\u00eet le terrain. Ils d\u00e9couvrent qu&#8217;un universitaire peut ma\u00eetriser la l\u00e9gislation du travail ET les contraintes horaires d&#8217;un chauffeur syndiqu\u00e9.<\/p>\n\n\n\n<p>Cons\u00e9quence directe: les cours sur le droit social gagnent en cr\u00e9dibilit\u00e9. Ardu de contester un professeur qui applique les conventions collectives dans sa propre vie.<\/p>\n\n\n\n<p>Les usagers du bus, eux, ignorent qu&#8217;ils sont conduits par un universitaire.<\/p>\n\n\n\n<p>Cette reconnaissance anonyme agit comme soupape de d\u00e9compression: personne ne lui demande de r\u00e9soudre un conflit administratif pendant qu&#8217;il n\u00e9gocie un rond-point bond\u00e9. Les tensions surgissent lors de gr\u00e8ves dans le transport.<\/p>\n\n\n\n<p>Sa position de doyen cr\u00e9e un conflit de loyaut\u00e9s impossible \u00e0 r\u00e9soudre proprement: soutenir les revendications syndicales de ses coll\u00e8gues chauffeurs tout en g\u00e9rant les budgets serr\u00e9s de l&#8217;universit\u00e9? Autrement dit, incarner simultan\u00e9ment le salari\u00e9 et l&#8217;employeur. Le salaire de chauffeur n&#8217;est pas son ambition, il symbolise l&#8217;\u00e9galit\u00e9 des m\u00e9tiers \u00e0 ses yeux. Un pied de nez aux hi\u00e9rarchies sociales rigides.<\/p>\n\n\n\n<h3 class=\"wp-block-heading\">L&#8217;impact r\u00e9el sur sa sant\u00e9 mentale et physique<\/h3>\n\n\n\n<p>B\u00e9n\u00e9fice mental majeur: compartimenter les probl\u00e8mes plut\u00f4t que de les ruminer. La conduite de bus agit comme th\u00e9rapie contre le stress des d\u00e9cisions administratives lourdes.<\/p>\n\n\n\n<p>Impossible de ressasser un conflit budg\u00e9taire quand on doit anticiper un pi\u00e9ton distrait. Dans les faits, cette double vie fonctionne comme un <a href=\"\/2026\/03\/26\/circuit-touristique-nancy-environs\/\">circuit touristique nancy et environs<\/a> permanent: chaque trajet urbain offre une micro-pause cognitive, une d\u00e9connexion forc\u00e9e des enjeux acad\u00e9miques.<\/p>\n\n\n\n<p>Le cerveau bascule en mode op\u00e9rationnel imm\u00e9diat, laissant les dossiers complexes en arri\u00e8re-plan. Co\u00fbt physique? La fatigue cumul\u00e9e que les reportages glamour occultent soigneusement.<\/p>\n\n\n\n<h2 class=\"wp-block-heading\">Les questions que tout le monde se pose sur son parcours<\/h2>\n\n\n\n<p>Depuis juin 2018, une interrogation revient syst\u00e9matiquement: comment un doyen de facult\u00e9 peut-il l\u00e9galement conduire un bus urbain? La r\u00e9ponse tient en trois mots: accord des employeurs.<\/p>\n\n\n\n<p>Fabrice Gartner a obtenu l&#8217;autorisation formelle de l&#8217;Universit\u00e9 de Lorraine et du r\u00e9seau de transport Grand Nancy avant de d\u00e9marrer cette double activit\u00e9. Contrairement aux id\u00e9es re\u00e7ues, le cumul d&#8217;emplois reste parfaitement l\u00e9gal en France pour les fonctionnaires, \u00e0 condition de respecter le plafond horaire et d&#8217;informer les deux parties.<\/p>\n\n\n\n<p>Ce qui bloque 8 professionnels sur 10? L&#8217;absence de demande \u00e9crite, un d\u00e9tail administratif qui transforme un projet motivant en infraction disciplinaire.<\/p>\n\n\n\n<p>Les rencontres avec ses \u00e9tudiants au volant nourrissent les anecdotes les plus savoureuses. Plusieurs t\u00e9moignages rapportent la stup\u00e9faction de passagers d\u00e9couvrant leur doyen au volant de la ligne 3. &#8220;Monsieur le doyen, vous conduisez vraiment?&#8221; Une situation qui casse les codes hi\u00e9rarchiques classiques et humanise la fonction acad\u00e9mique.<\/p>\n\n\n\n<p>Quant \u00e0 ses revenus, Gartner garde une discr\u00e9tion totale, aucun chiffre n&#8217;a jamais filtr\u00e9 publiquement.<\/p>\n\n\n\n<h3 class=\"wp-block-heading\">Peut-on reproduire ce parcours aujourd&#8217;hui?<\/h3>\n\n\n\n<p>Techniquement oui, mais le chemin demande des autorisations multiples et une organisation millim\u00e9tr\u00e9e. Conditions r\u00e9elles: Arr\u00eater l&#8217;une des deux activit\u00e9s?<\/p>\n\n\n\n<ul class=\"wp-block-list\">\n<li>Obtenir l&#8217;accord \u00e9crit de votre employeur principal avant toute d\u00e9marche<\/li>\n<li>V\u00e9rifier que le cumul ne d\u00e9passe pas les dur\u00e9es maximales l\u00e9gales de travail<\/li>\n<li>Passer le permis (transport en commun) si vous visez la conduite de bus<\/li>\n<li>N\u00e9gocier des horaires compatibles avec les deux postes<\/li>\n<\/ul>\n\n\n\n<p>Gartner refuse cat\u00e9goriquement de choisir. &#8220;Les deux se compl\u00e8tent&#8221;, r\u00e9p\u00e8te-t-il. Le droit structure sa pens\u00e9e, le volant lui donne le contact humain direct qui manque aux fonctions administratives.<\/p>\n\n\n\n<p>Le droit structure sa pens\u00e9e, le volant lui offre le contact humain direct qui manque aux fonctions administratives.<\/p>\n\n\n\n<h2 class=\"wp-block-heading\">Quand l&#8217;excellence professionnelle rime avec passion du service<\/h2>\n\n\n\n<p>Le parcours de Fabrice Gartner brise un pr\u00e9jug\u00e9 tenace: l&#8217;excellence acad\u00e9mique et le travail manuel ne s&#8217;opposent pas. \u00c0 50 ans, ce doyen de la Facult\u00e9 de droit, sciences \u00e9conomiques et gestion a r\u00e9alis\u00e9 son r\u00eave d&#8217;adolescent en devenant chauffeur de bus pour le r\u00e9seau Grand Nancy, une d\u00e9cision qui a fait les gros titres en juin 2018.<\/p>\n\n\n\n<p>Son histoire r\u00e9v\u00e8le une v\u00e9rit\u00e9 que trop d&#8217;entreprises oublient: le contact humain et la passion du service transcendent les hi\u00e9rarchies professionnelles artificielles.<\/p>\n\n\n\n<p>Cette double carri\u00e8re rappelle l&#8217;importance de l&#8217;\u00e9panouissement multidimensionnel. Que vous transportiez des passagers en bus urbain ou en v\u00e9hicule premium, la mission reste identique: offrir une exp\u00e9rience irr\u00e9prochable. <a href=\"https:\/\/www.quentinchauffeurprive.fr\">Quentin Chauffeur Priv\u00e9<\/a> incarne cette m\u00eame philosophie dans le transport avec chauffeur \u00e0 Nancy, un service VTC o\u00f9 l&#8217;attention au d\u00e9tail et l&#8217;expertise locale, h\u00e9rit\u00e9es du p\u00e8re de Quentin (ancien guide au jardin botanique), transforment chaque trajet en moment privil\u00e9gi\u00e9.<\/p>\n\n\n\n<p><strong>Quentin Chauffeur Priv\u00e9 conseil:<\/strong> Valorisez tous les m\u00e9tiers du service, du bus urbain au chauffeur priv\u00e9. L&#8217;excellence na\u00eet de la passion, pas du titre professionnel.<\/p>\n\n\n\n<h2 class=\"wp-block-heading\">Quand l&#8217;excellence acad\u00e9mique rencontre l&#8217;excellence du service<\/h2>\n\n\n\n<p>L&#8217;histoire du doyen fac de droit nancy chauffeur de bus d\u00e9montre qu&#8217;aucun m\u00e9tier n&#8217;est incompatible avec l&#8217;ambition intellectuelle. Fabrice Gartner prouve que conduire un bus n&#8217;est pas un repli. Mais un choix assum\u00e9. Celui du contact humain, du service public, de l&#8217;ancrage dans le r\u00e9el.<\/p>\n\n\n\n<p>Interrogez vos propres certitudes professionnelles. Qu&#8217;est-ce qui vous retient dans un poste qui ne vous correspond plus? Quelle comp\u00e9tence n\u00e9glig\u00e9e pourriez-vous r\u00e9activer demain matin?<\/p>\n\n\n\n<p>Chez Quentin Chauffeur Priv\u00e9, nous partageons cette philosophie du service d&#8217;excellence \u00e0 Nancy.<\/p>\n\n\n\n<p>Pas de hi\u00e9rarchie entre les m\u00e9tiers, juste l&#8217;exigence du travail bien fait. Qu&#8217;il s&#8217;agisse de transporter des passagers ou d&#8217;enseigner le droit constitutionnel. Besoin d&#8217;un transport fiable et professionnel \u00e0 Nancy?<\/p>\n\n\n\n<p>L&#8217;\u00e9quipe de Quentin Chauffeur Priv\u00e9 applique la m\u00eame rigueur que Fabrice Gartner dans ses deux vies: ponctualit\u00e9 absolue. Respect du client, z\u00e9ro compromis sur la qualit\u00e9. Le courage, c&#8217;est choisir ce qui a du sens pour vous, pas ce qui impressionne les autres.<\/p>\n\n\n\n<p>Le courage, c&#8217;est choisir ce qui a du sens pour vous, pas ce qui impressionne les autres.<\/p>\n","protected":false},"excerpt":{"rendered":"<p>L&#8217;histoire \u00e9tonnante de Fabrice Gartner, doyen de la fac de droit de Nancy qui a choisi de devenir chauffeur de bus. 2 m\u00e9tiers, 1 passion : servir.<\/p>\n","protected":false},"author":4,"featured_media":0,"comment_status":"open","ping_status":"open","sticky":false,"template":"","format":"standard","meta":{"footnotes":""},"categories":[456,457,43],"tags":[447,449,446,455,448,452,453,450,454,451],"class_list":["post-1098","post","type-post","status-publish","format-standard","hentry","category-actualite-nancy","category-portraits-inspirants","category-transport-et-mobilite","tag-chauffeur-de-bus","tag-double-carriere","tag-doyen-fac-de-droit-nancy","tag-equilibre-vie-professionnelle","tag-fabrice-gartner","tag-metropole-grand-nancy","tag-reconversion-professionnelle","tag-service-public","tag-transport-urbain","tag-universite-de-nancy"],"aioseo_notices":[],"_links":{"self":[{"href":"https:\/\/quentin-chauffeur-prive.fr\/fr_fr\/wp-json\/wp\/v2\/posts\/1098","targetHints":{"allow":["GET"]}}],"collection":[{"href":"https:\/\/quentin-chauffeur-prive.fr\/fr_fr\/wp-json\/wp\/v2\/posts"}],"about":[{"href":"https:\/\/quentin-chauffeur-prive.fr\/fr_fr\/wp-json\/wp\/v2\/types\/post"}],"author":[{"embeddable":true,"href":"https:\/\/quentin-chauffeur-prive.fr\/fr_fr\/wp-json\/wp\/v2\/users\/4"}],"replies":[{"embeddable":true,"href":"https:\/\/quentin-chauffeur-prive.fr\/fr_fr\/wp-json\/wp\/v2\/comments?post=1098"}],"version-history":[{"count":1,"href":"https:\/\/quentin-chauffeur-prive.fr\/fr_fr\/wp-json\/wp\/v2\/posts\/1098\/revisions"}],"predecessor-version":[{"id":1099,"href":"https:\/\/quentin-chauffeur-prive.fr\/fr_fr\/wp-json\/wp\/v2\/posts\/1098\/revisions\/1099"}],"wp:attachment":[{"href":"https:\/\/quentin-chauffeur-prive.fr\/fr_fr\/wp-json\/wp\/v2\/media?parent=1098"}],"wp:term":[{"taxonomy":"category","embeddable":true,"href":"https:\/\/quentin-chauffeur-prive.fr\/fr_fr\/wp-json\/wp\/v2\/categories?post=1098"},{"taxonomy":"post_tag","embeddable":true,"href":"https:\/\/quentin-chauffeur-prive.fr\/fr_fr\/wp-json\/wp\/v2\/tags?post=1098"}],"curies":[{"name":"wp","href":"https:\/\/api.w.org\/{rel}","templated":true}]}}